{"id":742287,"date":"2026-04-30T16:14:07","date_gmt":"2026-04-30T15:14:07","guid":{"rendered":"https:\/\/exelio.be\/?p=742287"},"modified":"2026-04-30T16:18:30","modified_gmt":"2026-04-30T15:18:30","slug":"realisation-de-cadres-daeration-pour-2-bassins","status":"publish","type":"post","link":"https:\/\/exelio.be\/en\/realisation-de-cadres-daeration-pour-2-bassins\/","title":{"rendered":"R\u00e9alisation de cadres d\u2019a\u00e9ration pour 2 bassins"},"content":{"rendered":"\t\t<div data-elementor-type=\"wp-post\" data-elementor-id=\"742287\" class=\"elementor elementor-742287\" data-elementor-post-type=\"post\">\n\t\t\t\t\t\t<section class=\"elementor-section elementor-top-section elementor-element elementor-element-2153979 elementor-section-boxed elementor-section-height-default elementor-section-height-default\" data-id=\"2153979\" data-element_type=\"section\" data-e-type=\"section\" data-settings=\"{&quot;jet_parallax_layout_list&quot;:[]}\">\n\t\t\t\t\t\t<div class=\"elementor-container elementor-column-gap-default\">\n\t\t\t\t\t<div class=\"elementor-column elementor-col-100 elementor-top-column elementor-element elementor-element-94c6cd7\" data-id=\"94c6cd7\" data-element_type=\"column\" data-e-type=\"column\">\n\t\t\t<div class=\"elementor-widget-wrap elementor-element-populated\">\n\t\t\t\t\t\t<div class=\"elementor-element elementor-element-3b9bf79 elementor-widget elementor-widget-text-editor\" data-id=\"3b9bf79\" data-element_type=\"widget\" data-e-type=\"widget\" data-widget_type=\"text-editor.default\">\n\t\t\t\t<div class=\"elementor-widget-container\">\n\t\t\t\t\t\t\t\t\t<p>Ces derniers jours, nos \u00e9quipes ont travaill\u00e9 d\u2019arrache-pied pour fabriquer des cadres d\u2019a\u00e9ration destin\u00e9s \u00e0 \u00e9quiper deux bassins de traitement des eaux chez un client industriel.<br \/><br \/>Ces structures permettent de diffuser de l\u2019air dans l\u2019eau afin de favoriser les processus biologiques indispensables \u00e0 l\u2019\u00e9puration \ud83d\udca7<br \/><br \/>La valeur ajout\u00e9e de cette nouvelle installation ? <br \/>Les cadres ont \u00e9t\u00e9 con\u00e7us pour \u00eatre relevables au moyen d\u2019un engin de manutention. Notre client pourra donc d\u00e9sormais les extraire facilement pour les op\u00e9rations de maintenance, sans devoir vider les bassins. <br \/><br \/>\u23f1\ufe0f Un gain de temps consid\u00e9rable et une exploitation optimis\u00e9e.<br \/><br \/>Merci \u00e0 notre client pour sa confiance.<br \/><br \/>\ud83d\udc4f Bravo aux \u00e9quipes pour le travail r\u00e9alis\u00e9 et leur engagement sur ce projet. Des cadres de cette taille repr\u00e9sentent un beau d\u00e9fi technique\u00a0!<\/p>\t\t\t\t\t\t\t\t<\/div>\n\t\t\t\t<\/div>\n\t\t\t\t<div class=\"elementor-element elementor-element-1907d82 elementor-widget elementor-widget-image\" data-id=\"1907d82\" data-element_type=\"widget\" data-e-type=\"widget\" data-widget_type=\"image.default\">\n\t\t\t\t<div class=\"elementor-widget-container\">\n\t\t\t\t\t\t\t\t\t\t\t\t\t\t\t\t<a href=\"http:\/\/exelio.be\/wp-content\/uploads\/2026\/04\/exelio_linkedin_template_page-0001.jpg\" data-elementor-open-lightbox=\"yes\" data-elementor-lightbox-title=\"exelio_linkedin_template_page-0001\" data-e-action-hash=\"#elementor-action%3Aaction%3Dlightbox%26settings%3DeyJpZCI6NzQyMjgxLCJ1cmwiOiJodHRwczpcL1wvZXhlbGlvLmJlXC93cC1jb250ZW50XC91cGxvYWRzXC8yMDI2XC8wNFwvZXhlbGlvX2xpbmtlZGluX3RlbXBsYXRlX3BhZ2UtMDAwMS5qcGcifQ%3D%3D\">\n\t\t\t\t\t\t\t<img fetchpriority=\"high\" decoding=\"async\" width=\"1500\" height=\"1125\" src=\"https:\/\/exelio.be\/wp-content\/uploads\/2026\/04\/exelio_linkedin_template_page-0001.jpg\" class=\"attachment-2048x2048 size-2048x2048 wp-image-742281\" alt=\"\" srcset=\"https:\/\/exelio.be\/wp-content\/uploads\/2026\/04\/exelio_linkedin_template_page-0001.jpg 1500w, https:\/\/exelio.be\/wp-content\/uploads\/2026\/04\/exelio_linkedin_template_page-0001-300x225.jpg 300w, https:\/\/exelio.be\/wp-content\/uploads\/2026\/04\/exelio_linkedin_template_page-0001-1024x768.jpg 1024w, https:\/\/exelio.be\/wp-content\/uploads\/2026\/04\/exelio_linkedin_template_page-0001-768x576.jpg 768w\" sizes=\"(max-width: 1500px) 100vw, 1500px\" \/>\t\t\t\t\t\t\t\t<\/a>\n\t\t\t\t\t\t\t\t\t\t\t\t\t\t\t<\/div>\n\t\t\t\t<\/div>\n\t\t\t\t\t<\/div>\n\t\t<\/div>\n\t\t\t\t\t<\/div>\n\t\t<\/section>\n\t\t\t\t<section class=\"elementor-section elementor-top-section elementor-element elementor-element-edb4dd9 elementor-section-boxed elementor-section-height-default elementor-section-height-default\" data-id=\"edb4dd9\" data-element_type=\"section\" data-e-type=\"section\" data-settings=\"{&quot;jet_parallax_layout_list&quot;:[]}\">\n\t\t\t\t\t\t<div class=\"elementor-container elementor-column-gap-default\">\n\t\t\t\t\t<div class=\"elementor-column elementor-col-100 elementor-top-column elementor-element elementor-element-c467002\" data-id=\"c467002\" data-element_type=\"column\" data-e-type=\"column\">\n\t\t\t<div class=\"elementor-widget-wrap elementor-element-populated\">\n\t\t\t\t\t\t<div class=\"elementor-element elementor-element-a860d0f elementor-widget elementor-widget-image\" data-id=\"a860d0f\" data-element_type=\"widget\" data-e-type=\"widget\" data-widget_type=\"image.default\">\n\t\t\t\t<div class=\"elementor-widget-container\">\n\t\t\t\t\t\t\t\t\t\t\t\t\t\t\t<img decoding=\"async\" width=\"1024\" height=\"768\" src=\"https:\/\/exelio.be\/wp-content\/uploads\/2026\/04\/exelio_linkedin_template_page-0002-1024x768.jpg\" class=\"attachment-large size-large wp-image-742284\" alt=\"\" srcset=\"https:\/\/exelio.be\/wp-content\/uploads\/2026\/04\/exelio_linkedin_template_page-0002-1024x768.jpg 1024w, https:\/\/exelio.be\/wp-content\/uploads\/2026\/04\/exelio_linkedin_template_page-0002-300x225.jpg 300w, https:\/\/exelio.be\/wp-content\/uploads\/2026\/04\/exelio_linkedin_template_page-0002-768x576.jpg 768w, https:\/\/exelio.be\/wp-content\/uploads\/2026\/04\/exelio_linkedin_template_page-0002.jpg 1500w\" sizes=\"(max-width: 1024px) 100vw, 1024px\" \/>\t\t\t\t\t\t\t\t\t\t\t\t\t\t\t<\/div>\n\t\t\t\t<\/div>\n\t\t\t\t<div class=\"elementor-element elementor-element-96ae3fb elementor-widget elementor-widget-image\" data-id=\"96ae3fb\" data-element_type=\"widget\" data-e-type=\"widget\" data-widget_type=\"image.default\">\n\t\t\t\t<div class=\"elementor-widget-container\">\n\t\t\t\t\t\t\t\t\t\t\t\t\t\t\t<img decoding=\"async\" width=\"1024\" height=\"768\" src=\"https:\/\/exelio.be\/wp-content\/uploads\/2026\/04\/exelio_linkedin_template_page-0003-1024x768.jpg\" class=\"attachment-large size-large wp-image-742278\" alt=\"\" srcset=\"https:\/\/exelio.be\/wp-content\/uploads\/2026\/04\/exelio_linkedin_template_page-0003-1024x768.jpg 1024w, https:\/\/exelio.be\/wp-content\/uploads\/2026\/04\/exelio_linkedin_template_page-0003-300x225.jpg 300w, https:\/\/exelio.be\/wp-content\/uploads\/2026\/04\/exelio_linkedin_template_page-0003-768x576.jpg 768w, https:\/\/exelio.be\/wp-content\/uploads\/2026\/04\/exelio_linkedin_template_page-0003.jpg 1500w\" sizes=\"(max-width: 1024px) 100vw, 1024px\" \/>\t\t\t\t\t\t\t\t\t\t\t\t\t\t\t<\/div>\n\t\t\t\t<\/div>\n\t\t\t\t\t<\/div>\n\t\t<\/div>\n\t\t\t\t\t<\/div>\n\t\t<\/section>\n\t\t\t\t<\/div>\n\t\t","protected":false},"excerpt":{"rendered":"<p>Ces derniers jours, nos \u00e9quipes ont travaill\u00e9 d\u2019arrache-pied pour fabriquer des cadres d\u2019a\u00e9ration destin\u00e9s \u00e0 \u00e9quiper deux bassins de traitement des eaux chez un client industriel.<\/p>\n","protected":false},"author":20,"featured_media":742284,"comment_status":"closed","ping_status":"closed","sticky":false,"template":"","format":"standard","meta":{"_acf_changed":false,"footnotes":""},"categories":[1],"tags":[],"class_list":["post-742287","post","type-post","status-publish","format-standard","has-post-thumbnail","hentry","category-actu"],"acf":[],"yoast_head":"<!-- This site is optimized with the Yoast SEO plugin v25.2 - https:\/\/yoast.com\/wordpress\/plugins\/seo\/ -->\n<title>R\u00e9alisation de cadres d\u2019a\u00e9ration pour 2 bassins - exelio<\/title>\n<meta name=\"robots\" content=\"index, follow, max-snippet:-1, max-image-preview:large, max-video-preview:-1\" \/>\n<link rel=\"canonical\" href=\"https:\/\/exelio.be\/realisation-de-cadres-daeration-pour-2-bassins\/\" \/>\n<meta property=\"og:locale\" content=\"en_US\" \/>\n<meta property=\"og:type\" content=\"article\" \/>\n<meta property=\"og:title\" content=\"R\u00e9alisation de cadres d\u2019a\u00e9ration pour 2 bassins - exelio\" \/>\n<meta property=\"og:description\" content=\"Ces derniers jours, nos \u00e9quipes ont travaill\u00e9 d\u2019arrache-pied pour fabriquer des cadres d\u2019a\u00e9ration destin\u00e9s \u00e0 \u00e9quiper deux bassins de traitement des eaux chez un client industriel.\" \/>\n<meta property=\"og:url\" content=\"https:\/\/exelio.be\/realisation-de-cadres-daeration-pour-2-bassins\/\" \/>\n<meta property=\"og:site_name\" content=\"exelio\" \/>\n<meta property=\"article:published_time\" content=\"2026-04-30T15:14:07+00:00\" \/>\n<meta property=\"article:modified_time\" content=\"2026-04-30T15:18:30+00:00\" \/>\n<meta property=\"og:image\" content=\"http:\/\/exelio.be\/wp-content\/uploads\/2026\/04\/exelio_linkedin_template_page-0002.jpg\" \/>\n\t<meta property=\"og:image:width\" content=\"1500\" \/>\n\t<meta property=\"og:image:height\" content=\"1125\" \/>\n\t<meta property=\"og:image:type\" content=\"image\/jpeg\" \/>\n<meta name=\"author\" content=\"Lucy Schyns\" \/>\n<meta name=\"twitter:card\" content=\"summary_large_image\" \/>\n<meta name=\"twitter:label1\" content=\"Written by\" \/>\n\t<meta name=\"twitter:data1\" content=\"Lucy Schyns\" \/>\n\t<meta name=\"twitter:label2\" content=\"Est. reading time\" \/>\n\t<meta name=\"twitter:data2\" content=\"2 minutes\" \/>\n<script type=\"application\/ld+json\" class=\"yoast-schema-graph\">{\"@context\":\"https:\/\/schema.org\",\"@graph\":[{\"@type\":\"Article\",\"@id\":\"https:\/\/exelio.be\/realisation-de-cadres-daeration-pour-2-bassins\/#article\",\"isPartOf\":{\"@id\":\"https:\/\/exelio.be\/realisation-de-cadres-daeration-pour-2-bassins\/\"},\"author\":{\"name\":\"Lucy Schyns\",\"@id\":\"https:\/\/exelio.be\/#\/schema\/person\/e307df31415ef54aac6c2693e2bb49dd\"},\"headline\":\"R\u00e9alisation de cadres d\u2019a\u00e9ration pour 2 bassins\",\"datePublished\":\"2026-04-30T15:14:07+00:00\",\"dateModified\":\"2026-04-30T15:18:30+00:00\",\"mainEntityOfPage\":{\"@id\":\"https:\/\/exelio.be\/realisation-de-cadres-daeration-pour-2-bassins\/\"},\"wordCount\":155,\"publisher\":{\"@id\":\"https:\/\/exelio.be\/#organization\"},\"image\":{\"@id\":\"https:\/\/exelio.be\/realisation-de-cadres-daeration-pour-2-bassins\/#primaryimage\"},\"thumbnailUrl\":\"https:\/\/exelio.be\/wp-content\/uploads\/2026\/04\/exelio_linkedin_template_page-0002.jpg\",\"articleSection\":[\"Actu\"],\"inLanguage\":\"en-US\"},{\"@type\":\"WebPage\",\"@id\":\"https:\/\/exelio.be\/realisation-de-cadres-daeration-pour-2-bassins\/\",\"url\":\"https:\/\/exelio.be\/realisation-de-cadres-daeration-pour-2-bassins\/\",\"name\":\"R\u00e9alisation de cadres d\u2019a\u00e9ration pour 2 bassins - exelio\",\"isPartOf\":{\"@id\":\"https:\/\/exelio.be\/#website\"},\"primaryImageOfPage\":{\"@id\":\"https:\/\/exelio.be\/realisation-de-cadres-daeration-pour-2-bassins\/#primaryimage\"},\"image\":{\"@id\":\"https:\/\/exelio.be\/realisation-de-cadres-daeration-pour-2-bassins\/#primaryimage\"},\"thumbnailUrl\":\"https:\/\/exelio.be\/wp-content\/uploads\/2026\/04\/exelio_linkedin_template_page-0002.jpg\",\"datePublished\":\"2026-04-30T15:14:07+00:00\",\"dateModified\":\"2026-04-30T15:18:30+00:00\",\"breadcrumb\":{\"@id\":\"https:\/\/exelio.be\/realisation-de-cadres-daeration-pour-2-bassins\/#breadcrumb\"},\"inLanguage\":\"en-US\",\"potentialAction\":[{\"@type\":\"ReadAction\",\"target\":[\"https:\/\/exelio.be\/realisation-de-cadres-daeration-pour-2-bassins\/\"]}]},{\"@type\":\"ImageObject\",\"inLanguage\":\"en-US\",\"@id\":\"https:\/\/exelio.be\/realisation-de-cadres-daeration-pour-2-bassins\/#primaryimage\",\"url\":\"https:\/\/exelio.be\/wp-content\/uploads\/2026\/04\/exelio_linkedin_template_page-0002.jpg\",\"contentUrl\":\"https:\/\/exelio.be\/wp-content\/uploads\/2026\/04\/exelio_linkedin_template_page-0002.jpg\",\"width\":1500,\"height\":1125},{\"@type\":\"BreadcrumbList\",\"@id\":\"https:\/\/exelio.be\/realisation-de-cadres-daeration-pour-2-bassins\/#breadcrumb\",\"itemListElement\":[{\"@type\":\"ListItem\",\"position\":1,\"name\":\"Accueil\",\"item\":\"https:\/\/exelio.be\/en\/exelio\/\"},{\"@type\":\"ListItem\",\"position\":2,\"name\":\"R\u00e9alisation de cadres d\u2019a\u00e9ration pour 2 bassins\"}]},{\"@type\":\"WebSite\",\"@id\":\"https:\/\/exelio.be\/#website\",\"url\":\"https:\/\/exelio.be\/\",\"name\":\"exelio\",\"description\":\"Simply efficient\",\"publisher\":{\"@id\":\"https:\/\/exelio.be\/#organization\"},\"potentialAction\":[{\"@type\":\"SearchAction\",\"target\":{\"@type\":\"EntryPoint\",\"urlTemplate\":\"https:\/\/exelio.be\/?s={search_term_string}\"},\"query-input\":{\"@type\":\"PropertyValueSpecification\",\"valueRequired\":true,\"valueName\":\"search_term_string\"}}],\"inLanguage\":\"en-US\"},{\"@type\":\"Organization\",\"@id\":\"https:\/\/exelio.be\/#organization\",\"name\":\"exelio\",\"url\":\"https:\/\/exelio.be\/\",\"logo\":{\"@type\":\"ImageObject\",\"inLanguage\":\"en-US\",\"@id\":\"https:\/\/exelio.be\/#\/schema\/logo\/image\/\",\"url\":\"https:\/\/exelio.be\/wp-content\/uploads\/2021\/09\/logo-exelio-1000.png\",\"contentUrl\":\"https:\/\/exelio.be\/wp-content\/uploads\/2021\/09\/logo-exelio-1000.png\",\"width\":1000,\"height\":529,\"caption\":\"exelio\"},\"image\":{\"@id\":\"https:\/\/exelio.be\/#\/schema\/logo\/image\/\"},\"sameAs\":[\"https:\/\/www.linkedin.com\/company\/exelio\"]},{\"@type\":\"Person\",\"@id\":\"https:\/\/exelio.be\/#\/schema\/person\/e307df31415ef54aac6c2693e2bb49dd\",\"name\":\"Lucy Schyns\",\"image\":{\"@type\":\"ImageObject\",\"inLanguage\":\"en-US\",\"@id\":\"https:\/\/exelio.be\/#\/schema\/person\/image\/\",\"url\":\"https:\/\/secure.gravatar.com\/avatar\/fbadde90131bc029bbf22304acda4651023768536f2c5de87b8a04f492449656?s=96&d=mm&r=g\",\"contentUrl\":\"https:\/\/secure.gravatar.com\/avatar\/fbadde90131bc029bbf22304acda4651023768536f2c5de87b8a04f492449656?s=96&d=mm&r=g\",\"caption\":\"Lucy Schyns\"},\"url\":\"https:\/\/exelio.be\/en\/author\/phaloem\/\"}]}<\/script>\n<!-- \/ Yoast SEO plugin. -->","yoast_head_json":{"title":"R\u00e9alisation de cadres d\u2019a\u00e9ration pour 2 bassins - exelio","robots":{"index":"index","follow":"follow","max-snippet":"max-snippet:-1","max-image-preview":"max-image-preview:large","max-video-preview":"max-video-preview:-1"},"canonical":"https:\/\/exelio.be\/realisation-de-cadres-daeration-pour-2-bassins\/","og_locale":"en_US","og_type":"article","og_title":"R\u00e9alisation de cadres d\u2019a\u00e9ration pour 2 bassins - exelio","og_description":"Ces derniers jours, nos \u00e9quipes ont travaill\u00e9 d\u2019arrache-pied pour fabriquer des cadres d\u2019a\u00e9ration destin\u00e9s \u00e0 \u00e9quiper deux bassins de traitement des eaux chez un client industriel.","og_url":"https:\/\/exelio.be\/realisation-de-cadres-daeration-pour-2-bassins\/","og_site_name":"exelio","article_published_time":"2026-04-30T15:14:07+00:00","article_modified_time":"2026-04-30T15:18:30+00:00","og_image":[{"width":1500,"height":1125,"url":"http:\/\/exelio.be\/wp-content\/uploads\/2026\/04\/exelio_linkedin_template_page-0002.jpg","type":"image\/jpeg"}],"author":"Lucy Schyns","twitter_card":"summary_large_image","twitter_misc":{"Written by":"Lucy Schyns","Est. reading time":"2 minutes"},"schema":{"@context":"https:\/\/schema.org","@graph":[{"@type":"Article","@id":"https:\/\/exelio.be\/realisation-de-cadres-daeration-pour-2-bassins\/#article","isPartOf":{"@id":"https:\/\/exelio.be\/realisation-de-cadres-daeration-pour-2-bassins\/"},"author":{"name":"Lucy Schyns","@id":"https:\/\/exelio.be\/#\/schema\/person\/e307df31415ef54aac6c2693e2bb49dd"},"headline":"R\u00e9alisation de cadres d\u2019a\u00e9ration pour 2 bassins","datePublished":"2026-04-30T15:14:07+00:00","dateModified":"2026-04-30T15:18:30+00:00","mainEntityOfPage":{"@id":"https:\/\/exelio.be\/realisation-de-cadres-daeration-pour-2-bassins\/"},"wordCount":155,"publisher":{"@id":"https:\/\/exelio.be\/#organization"},"image":{"@id":"https:\/\/exelio.be\/realisation-de-cadres-daeration-pour-2-bassins\/#primaryimage"},"thumbnailUrl":"https:\/\/exelio.be\/wp-content\/uploads\/2026\/04\/exelio_linkedin_template_page-0002.jpg","articleSection":["Actu"],"inLanguage":"en-US"},{"@type":"WebPage","@id":"https:\/\/exelio.be\/realisation-de-cadres-daeration-pour-2-bassins\/","url":"https:\/\/exelio.be\/realisation-de-cadres-daeration-pour-2-bassins\/","name":"R\u00e9alisation de cadres d\u2019a\u00e9ration pour 2 bassins - exelio","isPartOf":{"@id":"https:\/\/exelio.be\/#website"},"primaryImageOfPage":{"@id":"https:\/\/exelio.be\/realisation-de-cadres-daeration-pour-2-bassins\/#primaryimage"},"image":{"@id":"https:\/\/exelio.be\/realisation-de-cadres-daeration-pour-2-bassins\/#primaryimage"},"thumbnailUrl":"https:\/\/exelio.be\/wp-content\/uploads\/2026\/04\/exelio_linkedin_template_page-0002.jpg","datePublished":"2026-04-30T15:14:07+00:00","dateModified":"2026-04-30T15:18:30+00:00","breadcrumb":{"@id":"https:\/\/exelio.be\/realisation-de-cadres-daeration-pour-2-bassins\/#breadcrumb"},"inLanguage":"en-US","potentialAction":[{"@type":"ReadAction","target":["https:\/\/exelio.be\/realisation-de-cadres-daeration-pour-2-bassins\/"]}]},{"@type":"ImageObject","inLanguage":"en-US","@id":"https:\/\/exelio.be\/realisation-de-cadres-daeration-pour-2-bassins\/#primaryimage","url":"https:\/\/exelio.be\/wp-content\/uploads\/2026\/04\/exelio_linkedin_template_page-0002.jpg","contentUrl":"https:\/\/exelio.be\/wp-content\/uploads\/2026\/04\/exelio_linkedin_template_page-0002.jpg","width":1500,"height":1125},{"@type":"BreadcrumbList","@id":"https:\/\/exelio.be\/realisation-de-cadres-daeration-pour-2-bassins\/#breadcrumb","itemListElement":[{"@type":"ListItem","position":1,"name":"Accueil","item":"https:\/\/exelio.be\/en\/exelio\/"},{"@type":"ListItem","position":2,"name":"R\u00e9alisation de cadres d\u2019a\u00e9ration pour 2 bassins"}]},{"@type":"WebSite","@id":"https:\/\/exelio.be\/#website","url":"https:\/\/exelio.be\/","name":"exelio","description":"Simply efficient","publisher":{"@id":"https:\/\/exelio.be\/#organization"},"potentialAction":[{"@type":"SearchAction","target":{"@type":"EntryPoint","urlTemplate":"https:\/\/exelio.be\/?s={search_term_string}"},"query-input":{"@type":"PropertyValueSpecification","valueRequired":true,"valueName":"search_term_string"}}],"inLanguage":"en-US"},{"@type":"Organization","@id":"https:\/\/exelio.be\/#organization","name":"exelio","url":"https:\/\/exelio.be\/","logo":{"@type":"ImageObject","inLanguage":"en-US","@id":"https:\/\/exelio.be\/#\/schema\/logo\/image\/","url":"https:\/\/exelio.be\/wp-content\/uploads\/2021\/09\/logo-exelio-1000.png","contentUrl":"https:\/\/exelio.be\/wp-content\/uploads\/2021\/09\/logo-exelio-1000.png","width":1000,"height":529,"caption":"exelio"},"image":{"@id":"https:\/\/exelio.be\/#\/schema\/logo\/image\/"},"sameAs":["https:\/\/www.linkedin.com\/company\/exelio"]},{"@type":"Person","@id":"https:\/\/exelio.be\/#\/schema\/person\/e307df31415ef54aac6c2693e2bb49dd","name":"Lucy Schyns","image":{"@type":"ImageObject","inLanguage":"en-US","@id":"https:\/\/exelio.be\/#\/schema\/person\/image\/","url":"https:\/\/secure.gravatar.com\/avatar\/fbadde90131bc029bbf22304acda4651023768536f2c5de87b8a04f492449656?s=96&d=mm&r=g","contentUrl":"https:\/\/secure.gravatar.com\/avatar\/fbadde90131bc029bbf22304acda4651023768536f2c5de87b8a04f492449656?s=96&d=mm&r=g","caption":"Lucy Schyns"},"url":"https:\/\/exelio.be\/en\/author\/phaloem\/"}]}},"_links":{"self":[{"href":"https:\/\/exelio.be\/en\/wp-json\/wp\/v2\/posts\/742287","targetHints":{"allow":["GET"]}}],"collection":[{"href":"https:\/\/exelio.be\/en\/wp-json\/wp\/v2\/posts"}],"about":[{"href":"https:\/\/exelio.be\/en\/wp-json\/wp\/v2\/types\/post"}],"author":[{"embeddable":true,"href":"https:\/\/exelio.be\/en\/wp-json\/wp\/v2\/users\/20"}],"replies":[{"embeddable":true,"href":"https:\/\/exelio.be\/en\/wp-json\/wp\/v2\/comments?post=742287"}],"version-history":[{"count":7,"href":"https:\/\/exelio.be\/en\/wp-json\/wp\/v2\/posts\/742287\/revisions"}],"predecessor-version":[{"id":742295,"href":"https:\/\/exelio.be\/en\/wp-json\/wp\/v2\/posts\/742287\/revisions\/742295"}],"wp:featuredmedia":[{"embeddable":true,"href":"https:\/\/exelio.be\/en\/wp-json\/wp\/v2\/media\/742284"}],"wp:attachment":[{"href":"https:\/\/exelio.be\/en\/wp-json\/wp\/v2\/media?parent=742287"}],"wp:term":[{"taxonomy":"category","embeddable":true,"href":"https:\/\/exelio.be\/en\/wp-json\/wp\/v2\/categories?post=742287"},{"taxonomy":"post_tag","embeddable":true,"href":"https:\/\/exelio.be\/en\/wp-json\/wp\/v2\/tags?post=742287"}],"curies":[{"name":"wp","href":"https:\/\/api.w.org\/{rel}","templated":true}]}}